{"id":65435,"date":"2026-03-04T18:54:04","date_gmt":"2026-03-04T16:54:04","guid":{"rendered":"https:\/\/www.myibiza.estate\/atico-piso-anual-can-misses-a240e\/"},"modified":"2026-03-04T19:09:51","modified_gmt":"2026-03-04T17:09:51","slug":"atico-piso-anual-can-misses-a240e","status":"publish","type":"post","link":"https:\/\/www.myibiza.estate\/it\/atico-piso-anual-can-misses-a240e\/","title":{"rendered":"\u00c1TICO PISO ANUAL - Can Misses - A240E"},"content":{"rendered":"","protected":false},"excerpt":{"rendered":"","protected":false},"author":1,"featured_media":65402,"comment_status":"closed","ping_status":"closed","sticky":false,"template":"","format":"standard","meta":{"footnotes":""},"categories":[61],"tags":[],"class_list":["post-65435","post","type-post","status-publish","format-standard","has-post-thumbnail","hentry","category-affitto","post-wrapper"],"acf":[],"yoast_head":"<!-- This site is optimized with the Yoast SEO plugin v27.4 - https:\/\/yoast.com\/product\/yoast-seo-wordpress\/ -->\n<title>\u00c1TICO PISO ANUAL - Can Misses - A240E - My Ibiza Estate<\/title>\n<meta name=\"description\" content=\"\u00c1TICO PISO ANUAL - Can Misses - Se ofrece en alquiler anual este amplio \u00e1tico d\u00faplex ubicado en la deseada zona de Can Misses\" \/>\n<meta name=\"robots\" content=\"index, follow, max-snippet:-1, max-image-preview:large, max-video-preview:-1\" \/>\n<link rel=\"canonical\" href=\"https:\/\/www.myibiza.estate\/it\/atico-piso-anual-can-misses-a240e\/\" \/>\n<meta property=\"og:locale\" content=\"it_IT\" \/>\n<meta property=\"og:type\" content=\"article\" \/>\n<meta property=\"og:title\" content=\"\u00c1TICO PISO ANUAL - Can Misses - A240E - My Ibiza Estate\" \/>\n<meta property=\"og:description\" content=\"\u00c1TICO PISO ANUAL - Can Misses - Se ofrece en alquiler anual este amplio \u00e1tico d\u00faplex ubicado en la deseada zona de Can Misses\" \/>\n<meta property=\"og:url\" content=\"https:\/\/www.myibiza.estate\/it\/atico-piso-anual-can-misses-a240e\/\" \/>\n<meta property=\"og:site_name\" content=\"My Ibiza Estate\" \/>\n<meta property=\"article:publisher\" content=\"https:\/\/www.facebook.com\/myibizaestate\/\" \/>\n<meta property=\"article:published_time\" content=\"2026-03-04T16:54:04+00:00\" \/>\n<meta property=\"article:modified_time\" content=\"2026-03-04T17:09:51+00:00\" \/>\n<meta property=\"og:image\" content=\"https:\/\/www.myibiza.estate\/wp-content\/uploads\/2026\/03\/A240E-11.jpg\" \/>\n\t<meta property=\"og:image:width\" content=\"1440\" \/>\n\t<meta property=\"og:image:height\" content=\"1920\" \/>\n\t<meta property=\"og:image:type\" content=\"image\/jpeg\" \/>\n<meta name=\"author\" content=\"admin\" \/>\n<meta name=\"twitter:card\" content=\"summary_large_image\" \/>\n<meta name=\"twitter:label1\" content=\"Scritto da\" \/>\n\t<meta name=\"twitter:data1\" content=\"admin\" \/>\n\t<meta name=\"twitter:label2\" content=\"Tempo di lettura stimato\" \/>\n\t<meta name=\"twitter:data2\" content=\"1 minuto\" \/>\n<script type=\"application\/ld+json\" class=\"yoast-schema-graph\">{\"@context\":\"https:\\\/\\\/schema.org\",\"@graph\":[{\"@type\":\"Article\",\"@id\":\"https:\\\/\\\/www.myibiza.estate\\\/it\\\/atico-piso-anual-can-misses-a240e\\\/#article\",\"isPartOf\":{\"@id\":\"https:\\\/\\\/www.myibiza.estate\\\/it\\\/atico-piso-anual-can-misses-a240e\\\/\"},\"author\":{\"name\":\"admin\",\"@id\":\"https:\\\/\\\/www.myibiza.estate\\\/#\\\/schema\\\/person\\\/1c0dd6c20181051a35639e715a8e44a3\"},\"headline\":\"\u00c1TICO PISO ANUAL - Can Misses - A240E\",\"datePublished\":\"2026-03-04T16:54:04+00:00\",\"dateModified\":\"2026-03-04T17:09:51+00:00\",\"mainEntityOfPage\":{\"@id\":\"https:\\\/\\\/www.myibiza.estate\\\/it\\\/atico-piso-anual-can-misses-a240e\\\/\"},\"wordCount\":9,\"publisher\":{\"@id\":\"https:\\\/\\\/www.myibiza.estate\\\/#organization\"},\"image\":{\"@id\":\"https:\\\/\\\/www.myibiza.estate\\\/it\\\/atico-piso-anual-can-misses-a240e\\\/#primaryimage\"},\"thumbnailUrl\":\"https:\\\/\\\/www.myibiza.estate\\\/wp-content\\\/uploads\\\/2026\\\/03\\\/A240E-11.jpg\",\"articleSection\":[\"Propriet\u00e0 in Affitto\"],\"inLanguage\":\"it-IT\"},{\"@type\":\"WebPage\",\"@id\":\"https:\\\/\\\/www.myibiza.estate\\\/it\\\/atico-piso-anual-can-misses-a240e\\\/\",\"url\":\"https:\\\/\\\/www.myibiza.estate\\\/it\\\/atico-piso-anual-can-misses-a240e\\\/\",\"name\":\"\u00c1TICO PISO ANUAL - Can Misses - A240E - My Ibiza Estate\",\"isPartOf\":{\"@id\":\"https:\\\/\\\/www.myibiza.estate\\\/#website\"},\"primaryImageOfPage\":{\"@id\":\"https:\\\/\\\/www.myibiza.estate\\\/it\\\/atico-piso-anual-can-misses-a240e\\\/#primaryimage\"},\"image\":{\"@id\":\"https:\\\/\\\/www.myibiza.estate\\\/it\\\/atico-piso-anual-can-misses-a240e\\\/#primaryimage\"},\"thumbnailUrl\":\"https:\\\/\\\/www.myibiza.estate\\\/wp-content\\\/uploads\\\/2026\\\/03\\\/A240E-11.jpg\",\"datePublished\":\"2026-03-04T16:54:04+00:00\",\"dateModified\":\"2026-03-04T17:09:51+00:00\",\"description\":\"\u00c1TICO PISO ANUAL - Can Misses - Se ofrece en alquiler anual este amplio \u00e1tico d\u00faplex ubicado en la deseada zona de Can Misses\",\"breadcrumb\":{\"@id\":\"https:\\\/\\\/www.myibiza.estate\\\/it\\\/atico-piso-anual-can-misses-a240e\\\/#breadcrumb\"},\"inLanguage\":\"it-IT\",\"potentialAction\":[{\"@type\":\"ReadAction\",\"target\":[\"https:\\\/\\\/www.myibiza.estate\\\/it\\\/atico-piso-anual-can-misses-a240e\\\/\"]}]},{\"@type\":\"ImageObject\",\"inLanguage\":\"it-IT\",\"@id\":\"https:\\\/\\\/www.myibiza.estate\\\/it\\\/atico-piso-anual-can-misses-a240e\\\/#primaryimage\",\"url\":\"https:\\\/\\\/www.myibiza.estate\\\/wp-content\\\/uploads\\\/2026\\\/03\\\/A240E-11.jpg\",\"contentUrl\":\"https:\\\/\\\/www.myibiza.estate\\\/wp-content\\\/uploads\\\/2026\\\/03\\\/A240E-11.jpg\",\"width\":1440,\"height\":1920},{\"@type\":\"BreadcrumbList\",\"@id\":\"https:\\\/\\\/www.myibiza.estate\\\/it\\\/atico-piso-anual-can-misses-a240e\\\/#breadcrumb\",\"itemListElement\":[{\"@type\":\"ListItem\",\"position\":1,\"name\":\"Portada\",\"item\":\"https:\\\/\\\/www.myibiza.estate\\\/it\\\/\"},{\"@type\":\"ListItem\",\"position\":2,\"name\":\"\u00c1TICO PISO ANUAL - Can Misses - A240E\"}]},{\"@type\":\"WebSite\",\"@id\":\"https:\\\/\\\/www.myibiza.estate\\\/#website\",\"url\":\"https:\\\/\\\/www.myibiza.estate\\\/\",\"name\":\"My Ibiza Estate\",\"description\":\"Ibiza Real Estate\",\"publisher\":{\"@id\":\"https:\\\/\\\/www.myibiza.estate\\\/#organization\"},\"potentialAction\":[{\"@type\":\"SearchAction\",\"target\":{\"@type\":\"EntryPoint\",\"urlTemplate\":\"https:\\\/\\\/www.myibiza.estate\\\/?s={search_term_string}\"},\"query-input\":{\"@type\":\"PropertyValueSpecification\",\"valueRequired\":true,\"valueName\":\"search_term_string\"}}],\"inLanguage\":\"it-IT\"},{\"@type\":\"Organization\",\"@id\":\"https:\\\/\\\/www.myibiza.estate\\\/#organization\",\"name\":\"myibiza.estate\",\"url\":\"https:\\\/\\\/www.myibiza.estate\\\/\",\"logo\":{\"@type\":\"ImageObject\",\"inLanguage\":\"it-IT\",\"@id\":\"https:\\\/\\\/www.myibiza.estate\\\/#\\\/schema\\\/logo\\\/image\\\/\",\"url\":\"https:\\\/\\\/www.myibiza.estate\\\/wp-content\\\/uploads\\\/2018\\\/09\\\/MYIBIZA-ESTATE-LOGO-small.png\",\"contentUrl\":\"https:\\\/\\\/www.myibiza.estate\\\/wp-content\\\/uploads\\\/2018\\\/09\\\/MYIBIZA-ESTATE-LOGO-small.png\",\"width\":480,\"height\":350,\"caption\":\"myibiza.estate\"},\"image\":{\"@id\":\"https:\\\/\\\/www.myibiza.estate\\\/#\\\/schema\\\/logo\\\/image\\\/\"},\"sameAs\":[\"https:\\\/\\\/www.facebook.com\\\/myibizaestate\\\/\",\"https:\\\/\\\/www.instagram.com\\\/myibiza.estate\\\/\",\"https:\\\/\\\/www.youtube.com\\\/channel\\\/UCASnf5fp-y-ucL5V8QpyPqg\"]},{\"@type\":\"Person\",\"@id\":\"https:\\\/\\\/www.myibiza.estate\\\/#\\\/schema\\\/person\\\/1c0dd6c20181051a35639e715a8e44a3\",\"name\":\"admin\",\"url\":\"https:\\\/\\\/www.myibiza.estate\\\/it\\\/author\\\/admin\\\/\"}]}<\/script>\n<!-- \/ Yoast SEO plugin. -->","yoast_head_json":{"title":"\u00c1TICO PISO ANUAL - Can Misses - A240E - My Ibiza Estate","description":"\u00c1TICO PISO ANUAL - Can Misses - Se ofrece en alquiler anual este amplio \u00e1tico d\u00faplex ubicado en la deseada zona de Can Misses","robots":{"index":"index","follow":"follow","max-snippet":"max-snippet:-1","max-image-preview":"max-image-preview:large","max-video-preview":"max-video-preview:-1"},"canonical":"https:\/\/www.myibiza.estate\/it\/atico-piso-anual-can-misses-a240e\/","og_locale":"it_IT","og_type":"article","og_title":"\u00c1TICO PISO ANUAL - Can Misses - A240E - My Ibiza Estate","og_description":"\u00c1TICO PISO ANUAL - Can Misses - Se ofrece en alquiler anual este amplio \u00e1tico d\u00faplex ubicado en la deseada zona de Can Misses","og_url":"https:\/\/www.myibiza.estate\/it\/atico-piso-anual-can-misses-a240e\/","og_site_name":"My Ibiza Estate","article_publisher":"https:\/\/www.facebook.com\/myibizaestate\/","article_published_time":"2026-03-04T16:54:04+00:00","article_modified_time":"2026-03-04T17:09:51+00:00","og_image":[{"width":1440,"height":1920,"url":"https:\/\/www.myibiza.estate\/wp-content\/uploads\/2026\/03\/A240E-11.jpg","type":"image\/jpeg"}],"author":"admin","twitter_card":"summary_large_image","twitter_misc":{"Scritto da":"admin","Tempo di lettura stimato":"1 minuto"},"schema":{"@context":"https:\/\/schema.org","@graph":[{"@type":"Article","@id":"https:\/\/www.myibiza.estate\/it\/atico-piso-anual-can-misses-a240e\/#article","isPartOf":{"@id":"https:\/\/www.myibiza.estate\/it\/atico-piso-anual-can-misses-a240e\/"},"author":{"name":"admin","@id":"https:\/\/www.myibiza.estate\/#\/schema\/person\/1c0dd6c20181051a35639e715a8e44a3"},"headline":"\u00c1TICO PISO ANUAL - Can Misses - A240E","datePublished":"2026-03-04T16:54:04+00:00","dateModified":"2026-03-04T17:09:51+00:00","mainEntityOfPage":{"@id":"https:\/\/www.myibiza.estate\/it\/atico-piso-anual-can-misses-a240e\/"},"wordCount":9,"publisher":{"@id":"https:\/\/www.myibiza.estate\/#organization"},"image":{"@id":"https:\/\/www.myibiza.estate\/it\/atico-piso-anual-can-misses-a240e\/#primaryimage"},"thumbnailUrl":"https:\/\/www.myibiza.estate\/wp-content\/uploads\/2026\/03\/A240E-11.jpg","articleSection":["Propriet\u00e0 in Affitto"],"inLanguage":"it-IT"},{"@type":"WebPage","@id":"https:\/\/www.myibiza.estate\/it\/atico-piso-anual-can-misses-a240e\/","url":"https:\/\/www.myibiza.estate\/it\/atico-piso-anual-can-misses-a240e\/","name":"\u00c1TICO PISO ANUAL - Can Misses - A240E - My Ibiza Estate","isPartOf":{"@id":"https:\/\/www.myibiza.estate\/#website"},"primaryImageOfPage":{"@id":"https:\/\/www.myibiza.estate\/it\/atico-piso-anual-can-misses-a240e\/#primaryimage"},"image":{"@id":"https:\/\/www.myibiza.estate\/it\/atico-piso-anual-can-misses-a240e\/#primaryimage"},"thumbnailUrl":"https:\/\/www.myibiza.estate\/wp-content\/uploads\/2026\/03\/A240E-11.jpg","datePublished":"2026-03-04T16:54:04+00:00","dateModified":"2026-03-04T17:09:51+00:00","description":"\u00c1TICO PISO ANUAL - Can Misses - Se ofrece en alquiler anual este amplio \u00e1tico d\u00faplex ubicado en la deseada zona de Can Misses","breadcrumb":{"@id":"https:\/\/www.myibiza.estate\/it\/atico-piso-anual-can-misses-a240e\/#breadcrumb"},"inLanguage":"it-IT","potentialAction":[{"@type":"ReadAction","target":["https:\/\/www.myibiza.estate\/it\/atico-piso-anual-can-misses-a240e\/"]}]},{"@type":"ImageObject","inLanguage":"it-IT","@id":"https:\/\/www.myibiza.estate\/it\/atico-piso-anual-can-misses-a240e\/#primaryimage","url":"https:\/\/www.myibiza.estate\/wp-content\/uploads\/2026\/03\/A240E-11.jpg","contentUrl":"https:\/\/www.myibiza.estate\/wp-content\/uploads\/2026\/03\/A240E-11.jpg","width":1440,"height":1920},{"@type":"BreadcrumbList","@id":"https:\/\/www.myibiza.estate\/it\/atico-piso-anual-can-misses-a240e\/#breadcrumb","itemListElement":[{"@type":"ListItem","position":1,"name":"Portada","item":"https:\/\/www.myibiza.estate\/it\/"},{"@type":"ListItem","position":2,"name":"\u00c1TICO PISO ANUAL - Can Misses - A240E"}]},{"@type":"WebSite","@id":"https:\/\/www.myibiza.estate\/#website","url":"https:\/\/www.myibiza.estate\/","name":"My Ibiza Estate","description":"Ibiza Real Estate","publisher":{"@id":"https:\/\/www.myibiza.estate\/#organization"},"potentialAction":[{"@type":"SearchAction","target":{"@type":"EntryPoint","urlTemplate":"https:\/\/www.myibiza.estate\/?s={search_term_string}"},"query-input":{"@type":"PropertyValueSpecification","valueRequired":true,"valueName":"search_term_string"}}],"inLanguage":"it-IT"},{"@type":"Organization","@id":"https:\/\/www.myibiza.estate\/#organization","name":"myibiza.estate","url":"https:\/\/www.myibiza.estate\/","logo":{"@type":"ImageObject","inLanguage":"it-IT","@id":"https:\/\/www.myibiza.estate\/#\/schema\/logo\/image\/","url":"https:\/\/www.myibiza.estate\/wp-content\/uploads\/2018\/09\/MYIBIZA-ESTATE-LOGO-small.png","contentUrl":"https:\/\/www.myibiza.estate\/wp-content\/uploads\/2018\/09\/MYIBIZA-ESTATE-LOGO-small.png","width":480,"height":350,"caption":"myibiza.estate"},"image":{"@id":"https:\/\/www.myibiza.estate\/#\/schema\/logo\/image\/"},"sameAs":["https:\/\/www.facebook.com\/myibizaestate\/","https:\/\/www.instagram.com\/myibiza.estate\/","https:\/\/www.youtube.com\/channel\/UCASnf5fp-y-ucL5V8QpyPqg"]},{"@type":"Person","@id":"https:\/\/www.myibiza.estate\/#\/schema\/person\/1c0dd6c20181051a35639e715a8e44a3","name":"admin","url":"https:\/\/www.myibiza.estate\/it\/author\/admin\/"}]}},"_links":{"self":[{"href":"https:\/\/www.myibiza.estate\/it\/wp-json\/wp\/v2\/posts\/65435","targetHints":{"allow":["GET"]}}],"collection":[{"href":"https:\/\/www.myibiza.estate\/it\/wp-json\/wp\/v2\/posts"}],"about":[{"href":"https:\/\/www.myibiza.estate\/it\/wp-json\/wp\/v2\/types\/post"}],"author":[{"embeddable":true,"href":"https:\/\/www.myibiza.estate\/it\/wp-json\/wp\/v2\/users\/1"}],"replies":[{"embeddable":true,"href":"https:\/\/www.myibiza.estate\/it\/wp-json\/wp\/v2\/comments?post=65435"}],"version-history":[{"count":1,"href":"https:\/\/www.myibiza.estate\/it\/wp-json\/wp\/v2\/posts\/65435\/revisions"}],"predecessor-version":[{"id":65437,"href":"https:\/\/www.myibiza.estate\/it\/wp-json\/wp\/v2\/posts\/65435\/revisions\/65437"}],"wp:featuredmedia":[{"embeddable":true,"href":"https:\/\/www.myibiza.estate\/it\/wp-json\/wp\/v2\/media\/65402"}],"wp:attachment":[{"href":"https:\/\/www.myibiza.estate\/it\/wp-json\/wp\/v2\/media?parent=65435"}],"wp:term":[{"taxonomy":"category","embeddable":true,"href":"https:\/\/www.myibiza.estate\/it\/wp-json\/wp\/v2\/categories?post=65435"},{"taxonomy":"post_tag","embeddable":true,"href":"https:\/\/www.myibiza.estate\/it\/wp-json\/wp\/v2\/tags?post=65435"}],"curies":[{"name":"wp","href":"https:\/\/api.w.org\/{rel}","templated":true}]}}